{"id":576149,"date":"2023-05-17T10:44:58","date_gmt":"2023-05-17T08:44:58","guid":{"rendered":"https:\/\/www.tomhemps.com\/blog\/noticias\/cannabis-legalization-germany-draft-bill\/"},"modified":"2023-07-07T12:18:42","modified_gmt":"2023-07-07T10:18:42","slug":"legalizacion-cannabis-alemania-proyecto-de-ley","status":"publish","type":"post","link":"https:\/\/www.tomhemps.com\/es\/blog\/legalizacion-cannabis-alemania-proyecto-de-ley\/","title":{"rendered":"El proyecto de ley sobre la legalizaci\u00f3n del cannabis en Alemania se abre camino"},"content":{"rendered":"<p class=\"Body\"><b><span lang=\"ES-TRAD\">84 p\u00e1ginas y numerosas enmiendas a la ley: El proyecto de ley sobre la \u00abLey sobre el Uso Controlado del Cannabis y sobre la Modificaci\u00f3n de Otras Normas\u00bb est\u00e1 disponible. En su forma abreviada, denominada \u00abCannG\u00bb, est\u00e1 pasando actualmente por las filas de los pol\u00edticos expertos y los grupos parlamentarios del Bundestag.<\/span><\/b><\/p>\n<p>Todo es verde. Si nada falla, Alemania estar\u00e1 un paso m\u00e1s cerca de la legalizaci\u00f3n de la marihuana. En abril informamos sobre los <a href=\"https:\/\/www.tomhemps.com\/es\/blog\/noticias\/legalizacion-cannabis-alemania-acuerdo\/\">datos clave en los que se basan los cambios normativos<\/a>. En el punto de mira del peri\u00f3dico: <strong>los clubes de cannabis<\/strong>. Al fin y al cabo, sin ellos no habr\u00e1 distribuci\u00f3n de todos modos. Denominados \u00abAsociaci\u00f3n de Cultivo\u00bb en el anteproyecto de ley, tanto la distribuci\u00f3n como el cultivo se llevar\u00e1n a cabo s\u00f3lo a trav\u00e9s de ellos. Los adultos podr\u00e1n <strong>obtener 25 g al d\u00eda y un m\u00e1ximo de 50 g al mes para consumo personal<\/strong>.<\/p>\n<h2><span lang=\"ES-TRAD\">EL LIBRE COMERCIO SIGUE SIENDO UN ESCENARIO FUTURO<\/span><\/h2>\n<p>El comercio previsto inicialmente, que pretend\u00eda ser mucho m\u00e1s liberal, habr\u00eda alcanzado sus l\u00edmites a nivel de la UE. De ah\u00ed la idea de los clubes en primer lugar, como se conocen sobre todo en Espa\u00f1a. Un segundo pilar de la liberalizaci\u00f3n, previsto para oto\u00f1o, prever\u00e1 entonces proyectos piloto en determinados municipios. As\u00ed pues, el gobierno federal no quiere abandonar del todo la idea de que en alg\u00fan momento habr\u00e1 algo m\u00e1s que una ligera legalizaci\u00f3n. Porque aunque la UE se mantenga al margen de todo lo relacionado con el consumo, tiene algo m\u00e1s que decir en el comercio. As\u00ed que si las regiones modelo previstas en Alemania ayudan de forma demostrable a controlar el mercado negro, esto tambi\u00e9n podr\u00eda llevar a un ajuste de la normativa de la UE.<\/p>\n<p>Die Welt ha aprovechado las regiones modelo previstas por el ministro de Sanidad, Prof. Dr. Lauterbach, para realizar una encuesta. Seg\u00fan la encuesta, al menos 11 ciudades alemanas est\u00e1n interesadas en la implantaci\u00f3n. En detalle, esto significa que el cannabis se vender\u00e1 en tiendas especializadas con apoyo cient\u00edfico en estos municipios. Los estudios ser\u00e1n entonces la base de cualquier decisi\u00f3n relativa al libre comercio.<\/p>\n<table class=\"table table-bordered is-style-stripes\">\n<thead>\n<tr>\n<th class=\"text-center\"><strong>Pro Modellprojekt<\/strong><\/th>\n<th class=\"text-center\"><strong>Anti Modellprojekt<\/strong><\/th>\n<\/tr>\n<\/thead>\n<tbody>\n<tr>\n<td class=\"text-center\">Fr\u00e1ncfort del Meno<\/td>\n<td class=\"text-center\">Aachen<\/td>\n<\/tr>\n<tr>\n<td class=\"text-center\">Offenbach<\/td>\n<td class=\"text-center\">Essen<\/td>\n<\/tr>\n<tr>\n<td class=\"text-center\">M\u00fanich<\/td>\n<td class=\"text-center\">Eisenach<\/td>\n<\/tr>\n<tr>\n<td class=\"text-center\">Bremen<\/td>\n<td class=\"text-center\">Nuremberg<\/td>\n<\/tr>\n<tr>\n<td class=\"text-center\">Hannover<\/td>\n<td class=\"text-center\">Friburgo<\/td>\n<\/tr>\n<tr>\n<td class=\"text-center\">Bonn<\/td>\n<td class=\"text-center\"><\/td>\n<\/tr>\n<tr>\n<td class=\"text-center\">Tubinga<\/td>\n<td class=\"text-center\"><\/td>\n<\/tr>\n<tr>\n<td class=\"text-center\">Leipzig<\/td>\n<td class=\"text-center\"><\/td>\n<\/tr>\n<tr>\n<td class=\"text-center\">Schwerin<\/td>\n<td class=\"text-center\"><\/td>\n<\/tr>\n<tr>\n<td class=\"text-center\">Wiesbaden<\/td>\n<td class=\"text-center\"><\/td>\n<\/tr>\n<tr>\n<td class=\"text-center\">Darmstadt<\/td>\n<td class=\"text-center\"><\/td>\n<\/tr>\n<\/tbody>\n<\/table>\n<p>Alemania como pa\u00eds modelo para la legalizaci\u00f3n del cannabis. Suena m\u00e1s que bien, pero no lo es. Hay algunas cosas que ya parecen cuestionables. Por ejemplo, la opini\u00f3n del Ministerio de Transporte. Si Volker Wissing (FDP) se sale con la suya, el m\u00e1s m\u00ednimo consumo de cannabis incapacitar\u00e1 para participar en el tr\u00e1fico rodado. Contrario a innumerables estudios que demuestran que s\u00f3lo despu\u00e9s de superar un determinado l\u00edmite pueden observarse deficiencias.<\/p>\n<h2>L\u00cdMITE DE THC &#8211; CONTENIDO DE SUSTANCIAS REGULADAS<\/h2>\n<p class=\"Body\"><span lang=\"ES-TRAD\">Pero ci\u00f1\u00e1monos a lo que est\u00e1 escrito actualmente. Un detalle que a\u00fan no se conoce es la regulaci\u00f3n sobre el contenido m\u00e1ximo de THC. Las plantas cultivadas pueden <b>contener un m\u00e1ximo del 10%<\/b>. Est\u00e1 estrictamente prohibida la mezcla con tabaco, alcohol y cualquier otro aditivo.<\/span><\/p>\n<h2><span lang=\"ES-TRAD\">CANNABIS &#8211; PERO NO SIN NORMAS ESTRICTAS<\/span><\/h2>\n<p>Los requisitos para dirigir un club tambi\u00e9n son estrictos. Adem\u00e1s de los amplios requisitos de documentaci\u00f3n, habr\u00e1 estrictas medidas de seguridad. Las autoridades podr\u00e1n realizar controles en cualquier momento si existe la m\u00e1s m\u00ednima sospecha, y tambi\u00e9n podr\u00e1n revocar las licencias en caso de la m\u00e1s m\u00ednima infracci\u00f3n. La obligaci\u00f3n de informar se basar\u00e1 en la cantidad de cultivo, el contenido de THC y CBD, as\u00ed como la cantidad caducada. Y directorios de socios meticulosamente guardados.<\/p>\n<p>El cultivo privado no es menos estricto. Se permite <strong>un m\u00e1ximo de tres plantas en floraci\u00f3n al a\u00f1o<\/strong>, en caso de que molesten al vecino o sean accesibles a otras personas: Houston, tienes un problema. Las infracciones pueden acarrear hasta tres a\u00f1os de prisi\u00f3n. Esto, a su vez, tambi\u00e9n puede aplicarse a la posesi\u00f3n de m\u00e1s de 25 g. El cannabis dejar\u00e1 de estar incluido en la Ley de Estupefacientes.<\/p>\n<p>Las penas existentes se eliminar\u00e1n del registro. Siempre que no sean conformes a la nueva ley, claro.<\/p>\n<p>\u00bfQu\u00e9 debemos pensar de todo esto? <strong>Todo paso hacia la legalizaci\u00f3n es mejor que ninguno<\/strong>. En la UE, casi todos los estados han comprendido de alguna manera que tratar la marihuana como una droga es totalmente injustificado. La legalizaci\u00f3n es lo \u00fanico que est\u00e1 al d\u00eda. Y sobre todo, justa. Al fin y al cabo, a los gatos tampoco se les trata como a perros, y el cannabis no est\u00e1 m\u00e1s clasificado como una droga. Sino como una planta que se remonta a mucho antes de nosotros en su historia y cuya influencia en nuestro bienestar se ha demostrado m\u00e1s que a menudo. En resumidas cuentas, hace tiempo que ha llegado al seno de nuestra sociedad.<\/p>\n<p>Entonces, \u00bfpor qu\u00e9 exactamente los estados alemanes dirigidos por la CDU se oponen con vehemencia a la legislaci\u00f3n? Alguien siempre tiene una raz\u00f3n. La argumentaci\u00f3n, por otra parte, desgraciadamente se ha vuelto casi rid\u00edcula. El ministro de Sanidad de Baviera, Klaus Holetschek: \u00abQue no haya malentendidos: No quiero un proyecto de ley que sea m\u00e1s f\u00e1cil de aplicar. No quiero la legalizaci\u00f3n del cannabis en absoluto. No necesitamos el uso recreativo legal del cannabis y, por tanto, no necesitamos clubes de cannabis\u00bb. De acuerdo, entonces puede que todo no sean ilusiones.<\/p>\n<p>Mientras el proyecto de ley est\u00e9 en circulaci\u00f3n, los miembros del Bundestag y los grupos parlamentarios se est\u00e1n conteniendo a la hora de hacer declaraciones. Esto deber\u00eda cambiar en el pr\u00f3ximo paso, cuando comience la audiencia con las asociaciones. Despu\u00e9s de eso, el proyecto pasar\u00e1 al gabinete federal, seguido de la deliberaci\u00f3n en el Bundestag.<\/p>\n<p>As\u00ed que si los deseos de algunos no se hacen realidad, pero los de otros s\u00ed, a\u00fan podr\u00edamos esperar un cambio en la ley para finales de a\u00f1o. Y si a\u00fan nos quedara un deseo, s\u00f3lo hipot\u00e9ticamente, adivina qu\u00e9:<\/p>\n<p class=\"Body\" style=\"text-align: center;\" align=\"center\"><b><span lang=\"ES-TRAD\">\u00a1LEGALIZA YA!<\/span><\/b><\/p>\n    <div class=\"bestsellers-container\">\r\n        <div class=\"bestsellers products-grid theme__Black mbrt-cascade-animation-disabled parallax-animation-disabled\" style=\"width: 100%; margin-bottom: 0\"\r\n             data-cascade-animation-disabled=\"slide-up\" data-parallax-depth=\"1\">\r\n            <div class=\"container p-0 p-md-0\">\r\n                                                <div class=\"content_products-multi products\">\r\n                    <div class=\"row no-gutters\">\r\n                        <div id=\"sw_4844_944_154433\"  class=\"swiper-container swiper-bestsellers-multi\">\r\n                            <div class=\"swiper-wrapper\">\r\n                                                                    <div class=\"swiper-slide\">\r\n                                        <div class=\"newstyled product type-product post-130118 status-publish first outofstock product_cat-th-products-es product_cat-productos_cbd product_cat-flores-de-cbd has-post-thumbnail taxable shipping-taxable purchasable product-type-variable has-default-attributes\">\r\n    <a href=\"https:\/\/www.tomhemps.com\/es\/prs\/flores-de-cbd-gorilla-glue\/\" class=\"woocommerce-LoopProduct-link woocommerce-loop-product__link\"><div class=\"prod_sticker_loop\"><\/div>        <img decoding=\"async\" data-no-lazy=\"1\" src=\"https:\/\/www.tomhemps.com\/wp-content\/uploads\/2022\/10\/TH-products-webshop-680x850-Gorilla-Glue.png\" alt=\"Flores De CBD Gorilla Glue\">\r\n    <\/a><div class=\"top__line line\"><\/div><a href=\"https:\/\/www.tomhemps.com\/es\/prs\/flores-de-cbd-gorilla-glue\/\" class=\"woocommerce-LoopProduct-link woocommerce-loop-product__link\"><span class=\"gtm4wp_productdata\" style=\"display:none; visibility:hidden;\" data-gtm4wp_product_data=\"{&quot;internal_id&quot;:130118,&quot;item_id&quot;:130118,&quot;item_name&quot;:&quot;Flores De CBD Gorilla Glue&quot;,&quot;sku&quot;:130118,&quot;price&quot;:9.5,&quot;stocklevel&quot;:null,&quot;stockstatus&quot;:&quot;outofstock&quot;,&quot;google_business_vertical&quot;:&quot;retail&quot;,&quot;item_category&quot;:&quot;Flores de CBD&quot;,&quot;id&quot;:130118,&quot;productlink&quot;:&quot;https:\\\/\\\/www.tomhemps.com\\\/es\\\/prs\\\/flores-de-cbd-gorilla-glue\\\/&quot;,&quot;item_list_name&quot;:&quot;Lista general de productos&quot;,&quot;index&quot;:1,&quot;product_type&quot;:&quot;variable&quot;,&quot;item_brand&quot;:&quot;&quot;}\"><\/span><h2 class=\"woocommerce-loop-product__title\">Flores De CBD Gorilla Glue<\/h2><\/a><div class=\"out-of-stock-grid\">Out of stock<\/div><span class=\"open-popup\" data-product-id=\"130118\">\n    <span class=\"wholesale__options\">Select Options<\/span>\n<\/span>\n    <span class=\"price\">Desde <span class=\"woocommerce-Price-amount amount\"><bdi><span class=\"woocommerce-Price-currencySymbol\">&euro;<\/span>9,50<\/bdi><\/span><\/span>\n<\/div>\r\n                                    <\/div>\r\n                                                                        <div class=\"swiper-slide\">\r\n                                        <div class=\"newstyled product type-product post-129285 status-publish instock product_cat-th-products-es product_cat-productos_cbd product_cat-flores-de-cbd has-post-thumbnail taxable shipping-taxable purchasable product-type-variable has-default-attributes\">\r\n    <a href=\"https:\/\/www.tomhemps.com\/es\/prs\/flores-de-cbd-berlin-kush-36\/\" class=\"woocommerce-LoopProduct-link woocommerce-loop-product__link\"><div class=\"prod_sticker_loop\"><\/div>        <img decoding=\"async\" data-no-lazy=\"1\" src=\"https:\/\/www.tomhemps.com\/wp-content\/uploads\/2022\/10\/TH-products-webshop-680x850-Berlin-Kush.png\" alt=\"Flores De CBD Berlin Kush 36\">\r\n    <\/a><div class=\"top__line line\"><\/div><a href=\"https:\/\/www.tomhemps.com\/es\/prs\/flores-de-cbd-berlin-kush-36\/\" class=\"woocommerce-LoopProduct-link woocommerce-loop-product__link\"><span class=\"gtm4wp_productdata\" style=\"display:none; visibility:hidden;\" data-gtm4wp_product_data=\"{&quot;internal_id&quot;:129285,&quot;item_id&quot;:129285,&quot;item_name&quot;:&quot;Flores De CBD Berlin Kush 36&quot;,&quot;sku&quot;:129285,&quot;price&quot;:9.5,&quot;stocklevel&quot;:null,&quot;stockstatus&quot;:&quot;instock&quot;,&quot;google_business_vertical&quot;:&quot;retail&quot;,&quot;item_category&quot;:&quot;Flores de CBD&quot;,&quot;id&quot;:129285,&quot;productlink&quot;:&quot;https:\\\/\\\/www.tomhemps.com\\\/es\\\/prs\\\/flores-de-cbd-berlin-kush-36\\\/&quot;,&quot;item_list_name&quot;:&quot;Lista general de productos&quot;,&quot;index&quot;:2,&quot;product_type&quot;:&quot;variable&quot;,&quot;item_brand&quot;:&quot;&quot;}\"><\/span><h2 class=\"woocommerce-loop-product__title\">Flores De CBD Berlin Kush 36<\/h2><\/a><span class=\"open-popup\" data-product-id=\"129285\">\n    <span class=\"wholesale__options\">Select Options<\/span>\n<\/span>\n    <span class=\"price\">Desde <span class=\"woocommerce-Price-amount amount\"><bdi><span class=\"woocommerce-Price-currencySymbol\">&euro;<\/span>9,50<\/bdi><\/span><\/span>\n<\/div>\r\n                                    <\/div>\r\n                                                                        <div class=\"swiper-slide\">\r\n                                        <div class=\"newstyled product type-product post-53780 status-publish instock product_cat-th-products-es product_cat-productos_cbd product_cat-flores-de-cbd has-post-thumbnail sale taxable shipping-taxable purchasable product-type-variable has-default-attributes\">\r\n    <a href=\"https:\/\/www.tomhemps.com\/es\/prs\/flores-de-cbd-purple-berry\/\" class=\"woocommerce-LoopProduct-link woocommerce-loop-product__link\"><div class=\"prod_sticker_loop\"><span class=\"prod_sticker onsale\" title=\"Sale\">%<\/span><\/div>        <img decoding=\"async\" data-no-lazy=\"1\" src=\"https:\/\/www.tomhemps.com\/wp-content\/uploads\/2022\/10\/TH-products-webshop-680x850-Purple-Berry.png\" alt=\"Flores De CBD Purple Berry\">\r\n    <\/a><div class=\"top__line line\"><\/div><a href=\"https:\/\/www.tomhemps.com\/es\/prs\/flores-de-cbd-purple-berry\/\" class=\"woocommerce-LoopProduct-link woocommerce-loop-product__link\"><span class=\"gtm4wp_productdata\" style=\"display:none; visibility:hidden;\" data-gtm4wp_product_data=\"{&quot;internal_id&quot;:53780,&quot;item_id&quot;:53780,&quot;item_name&quot;:&quot;Flores De CBD Purple Berry&quot;,&quot;sku&quot;:53780,&quot;price&quot;:9,&quot;stocklevel&quot;:null,&quot;stockstatus&quot;:&quot;instock&quot;,&quot;google_business_vertical&quot;:&quot;retail&quot;,&quot;item_category&quot;:&quot;Flores de CBD&quot;,&quot;id&quot;:53780,&quot;productlink&quot;:&quot;https:\\\/\\\/www.tomhemps.com\\\/es\\\/prs\\\/flores-de-cbd-purple-berry\\\/&quot;,&quot;item_list_name&quot;:&quot;Lista general de productos&quot;,&quot;index&quot;:3,&quot;product_type&quot;:&quot;variable&quot;,&quot;item_brand&quot;:&quot;&quot;}\"><\/span><h2 class=\"woocommerce-loop-product__title\">Flores De CBD Purple Berry<\/h2><\/a><span class=\"open-popup\" data-product-id=\"53780\">\n    <span class=\"wholesale__options\">Select Options<\/span>\n<\/span>\n    <span class=\"price\">Desde <del><span class=\"woocommerce-Price-amount amount\"><bdi><span class=\"woocommerce-Price-currencySymbol\">&euro;<\/span>9,00<\/bdi><\/span><\/del><ins><span class=\"woocommerce-Price-amount amount\"><bdi><span class=\"woocommerce-Price-currencySymbol\">&euro;<\/span>7,20<\/bdi><\/span><\/ins><\/span>\n<\/div>\r\n                                    <\/div>\r\n                                                                <\/div>\r\n                        <\/div>\r\n                        <div class=\"ps_swipe__btn swiper-button-next\"><\/div>\r\n                        <div class=\"ps_swipe__btn swiper-button-prev\"><\/div>\r\n                    <\/div>\r\n                <\/div>\r\n            <\/div>\r\n        <\/div>\r\n    <\/div>\r\n\n<p><cite>Photo: Alena A \/ <a href=\"https:\/\/www.shutterstock.com\/\" target=\"_blank\" rel=\"noopener\">Shutterstock<\/a><\/cite><\/p>\n","protected":false},"excerpt":{"rendered":"","protected":false},"author":9257,"featured_media":568471,"comment_status":"open","ping_status":"closed","sticky":false,"template":"","format":"standard","meta":{"_acf_changed":false,"footnotes":""},"categories":[672,1508],"tags":[],"acf":[],"yoast_head":"<!-- This site is optimized with the Yoast SEO Premium plugin v22.8 (Yoast SEO v22.8) - https:\/\/yoast.com\/wordpress\/plugins\/seo\/ -->\n<title>El proyecto de ley sobre la legalizaci\u00f3n del cannabis en Alemania se abre camino - Your CBD Shop | Your CBD Brand | born in Berlin<\/title>\n<meta name=\"description\" content=\"En Alemania, el proyecto de ley se centra en los clubes de cannabis. En Baviera, se trata de impedir una ley sobre la legalizaci\u00f3n\" \/>\n<meta name=\"robots\" content=\"index, follow, max-snippet:-1, max-image-preview:large, max-video-preview:-1\" \/>\n<link rel=\"canonical\" href=\"https:\/\/www.tomhemps.com\/es\/blog\/legalizacion-cannabis-alemania-proyecto-de-ley\/\" \/>\n<meta property=\"og:locale\" content=\"es_ES\" \/>\n<meta property=\"og:type\" content=\"article\" \/>\n<meta property=\"og:title\" content=\"El proyecto de ley sobre la legalizaci\u00f3n del cannabis en Alemania se abre camino\" \/>\n<meta property=\"og:description\" content=\"Your CBD Shop | Your CBD Brand | born in Berlin - El proyecto de ley sobre la legalizaci\u00f3n del cannabis en Alemania se abre camino\" \/>\n<meta property=\"og:url\" content=\"https:\/\/www.tomhemps.com\/es\/blog\/legalizacion-cannabis-alemania-proyecto-de-ley\/\" \/>\n<meta property=\"og:site_name\" content=\"Your CBD Shop | Your CBD Brand | born in Berlin\" \/>\n<meta property=\"article:publisher\" content=\"https:\/\/www.facebook.com\/tomhempsberlin\/\" \/>\n<meta property=\"article:published_time\" content=\"2023-05-17T08:44:58+00:00\" \/>\n<meta property=\"article:modified_time\" content=\"2023-07-07T10:18:42+00:00\" \/>\n<meta property=\"og:image\" content=\"https:\/\/www.tomhemps.com\/wp-content\/uploads\/2023\/05\/Th_shutterstock_1704422476.jpg\" \/>\n\t<meta property=\"og:image:width\" content=\"1536\" \/>\n\t<meta property=\"og:image:height\" content=\"1000\" \/>\n\t<meta property=\"og:image:type\" content=\"image\/jpeg\" \/>\n<meta name=\"author\" content=\"Jule Steinbr\u00fcck\" \/>\n<meta name=\"twitter:card\" content=\"summary_large_image\" \/>\n<meta name=\"twitter:label1\" content=\"Escrito por\" \/>\n\t<meta name=\"twitter:data1\" content=\"Jule Steinbr\u00fcck\" \/>\n\t<meta name=\"twitter:label2\" content=\"Tiempo de lectura\" \/>\n\t<meta name=\"twitter:data2\" content=\"5 minutos\" \/>\n<script type=\"application\/ld+json\" class=\"yoast-schema-graph\">{\"@context\":\"https:\/\/schema.org\",\"@graph\":[{\"@type\":\"Article\",\"@id\":\"https:\/\/www.tomhemps.com\/es\/blog\/legalizacion-cannabis-alemania-proyecto-de-ley\/#article\",\"isPartOf\":{\"@id\":\"https:\/\/www.tomhemps.com\/es\/blog\/legalizacion-cannabis-alemania-proyecto-de-ley\/\"},\"author\":{\"name\":\"Jule Steinbr\u00fcck\",\"@id\":\"https:\/\/www.tomhemps.com\/es\/#\/schema\/person\/a65e1b3284ce57f98be8f5bd3f2372b0\"},\"headline\":\"El proyecto de ley sobre la legalizaci\u00f3n del cannabis en Alemania se abre camino\",\"datePublished\":\"2023-05-17T08:44:58+00:00\",\"dateModified\":\"2023-07-07T10:18:42+00:00\",\"mainEntityOfPage\":{\"@id\":\"https:\/\/www.tomhemps.com\/es\/blog\/legalizacion-cannabis-alemania-proyecto-de-ley\/\"},\"wordCount\":1086,\"commentCount\":0,\"publisher\":{\"@id\":\"https:\/\/www.tomhemps.com\/es\/#organization\"},\"image\":{\"@id\":\"https:\/\/www.tomhemps.com\/es\/blog\/legalizacion-cannabis-alemania-proyecto-de-ley\/#primaryimage\"},\"thumbnailUrl\":\"https:\/\/www.tomhemps.com\/wp-content\/uploads\/2023\/05\/Th_shutterstock_1704422476.jpg\",\"articleSection\":[\"Noticias\",\"Legal\"],\"inLanguage\":\"es\",\"potentialAction\":[{\"@type\":\"CommentAction\",\"name\":\"Comment\",\"target\":[\"https:\/\/www.tomhemps.com\/es\/blog\/legalizacion-cannabis-alemania-proyecto-de-ley\/#respond\"]}]},{\"@type\":\"WebPage\",\"@id\":\"https:\/\/www.tomhemps.com\/es\/blog\/legalizacion-cannabis-alemania-proyecto-de-ley\/\",\"url\":\"https:\/\/www.tomhemps.com\/es\/blog\/legalizacion-cannabis-alemania-proyecto-de-ley\/\",\"name\":\"El proyecto de ley sobre la legalizaci\u00f3n del cannabis en Alemania se abre camino - Your CBD Shop | Your CBD Brand | born in Berlin\",\"isPartOf\":{\"@id\":\"https:\/\/www.tomhemps.com\/es\/#website\"},\"primaryImageOfPage\":{\"@id\":\"https:\/\/www.tomhemps.com\/es\/blog\/legalizacion-cannabis-alemania-proyecto-de-ley\/#primaryimage\"},\"image\":{\"@id\":\"https:\/\/www.tomhemps.com\/es\/blog\/legalizacion-cannabis-alemania-proyecto-de-ley\/#primaryimage\"},\"thumbnailUrl\":\"https:\/\/www.tomhemps.com\/wp-content\/uploads\/2023\/05\/Th_shutterstock_1704422476.jpg\",\"datePublished\":\"2023-05-17T08:44:58+00:00\",\"dateModified\":\"2023-07-07T10:18:42+00:00\",\"description\":\"En Alemania, el proyecto de ley se centra en los clubes de cannabis. En Baviera, se trata de impedir una ley sobre la legalizaci\u00f3n\",\"breadcrumb\":{\"@id\":\"https:\/\/www.tomhemps.com\/es\/blog\/legalizacion-cannabis-alemania-proyecto-de-ley\/#breadcrumb\"},\"inLanguage\":\"es\",\"potentialAction\":[{\"@type\":\"ReadAction\",\"target\":[\"https:\/\/www.tomhemps.com\/es\/blog\/legalizacion-cannabis-alemania-proyecto-de-ley\/\"]}]},{\"@type\":\"ImageObject\",\"inLanguage\":\"es\",\"@id\":\"https:\/\/www.tomhemps.com\/es\/blog\/legalizacion-cannabis-alemania-proyecto-de-ley\/#primaryimage\",\"url\":\"https:\/\/www.tomhemps.com\/wp-content\/uploads\/2023\/05\/Th_shutterstock_1704422476.jpg\",\"contentUrl\":\"https:\/\/www.tomhemps.com\/wp-content\/uploads\/2023\/05\/Th_shutterstock_1704422476.jpg\",\"width\":1536,\"height\":1000,\"caption\":\"REFERENTENENTWURF ZUR CANNABIS LEGALISIERUNG IN DEUTSCHLAND\"},{\"@type\":\"BreadcrumbList\",\"@id\":\"https:\/\/www.tomhemps.com\/es\/blog\/legalizacion-cannabis-alemania-proyecto-de-ley\/#breadcrumb\",\"itemListElement\":[{\"@type\":\"ListItem\",\"position\":1,\"name\":\"Startseite\",\"item\":\"https:\/\/www.tomhemps.com\/es\/\"},{\"@type\":\"ListItem\",\"position\":2,\"name\":\"El proyecto de ley sobre la legalizaci\u00f3n del cannabis en Alemania se abre camino\"}]},{\"@type\":\"WebSite\",\"@id\":\"https:\/\/www.tomhemps.com\/es\/#website\",\"url\":\"https:\/\/www.tomhemps.com\/es\/\",\"name\":\"Your CBD Shop | Your CBD Brand | born in Berlin\",\"description\":\"CBD Shop Berlin\",\"publisher\":{\"@id\":\"https:\/\/www.tomhemps.com\/es\/#organization\"},\"potentialAction\":[{\"@type\":\"SearchAction\",\"target\":{\"@type\":\"EntryPoint\",\"urlTemplate\":\"https:\/\/www.tomhemps.com\/es\/?s={search_term_string}\"},\"query-input\":\"required name=search_term_string\"}],\"inLanguage\":\"es\"},{\"@type\":\"Organization\",\"@id\":\"https:\/\/www.tomhemps.com\/es\/#organization\",\"name\":\"Tom Hemp's CBD Shop\",\"alternateName\":\"Tom Hemp's Berlin\",\"url\":\"https:\/\/www.tomhemps.com\/es\/\",\"logo\":{\"@type\":\"ImageObject\",\"inLanguage\":\"es\",\"@id\":\"https:\/\/www.tomhemps.com\/es\/#\/schema\/logo\/image\/\",\"url\":\"https:\/\/www.tomhemps.com\/wp-content\/uploads\/2019\/04\/Logo-2019-e1581413011332.jpg\",\"contentUrl\":\"https:\/\/www.tomhemps.com\/wp-content\/uploads\/2019\/04\/Logo-2019-e1581413011332.jpg\",\"width\":460,\"height\":153,\"caption\":\"Tom Hemp's CBD Shop\"},\"image\":{\"@id\":\"https:\/\/www.tomhemps.com\/es\/#\/schema\/logo\/image\/\"},\"sameAs\":[\"https:\/\/www.facebook.com\/tomhempsberlin\/\",\"https:\/\/www.instagram.com\/tomhemps_cbd\/\",\"https:\/\/www.youtube.com\/channel\/UCbGxDacLx_DRKyder_zVoNw\"]},{\"@type\":\"Person\",\"@id\":\"https:\/\/www.tomhemps.com\/es\/#\/schema\/person\/a65e1b3284ce57f98be8f5bd3f2372b0\",\"name\":\"Jule Steinbr\u00fcck\",\"image\":{\"@type\":\"ImageObject\",\"inLanguage\":\"es\",\"@id\":\"https:\/\/www.tomhemps.com\/es\/#\/schema\/person\/image\/\",\"url\":\"https:\/\/secure.gravatar.com\/avatar\/634f24fa895e1d9f3c99c0189db3874d?s=96&d=wavatar&r=g\",\"contentUrl\":\"https:\/\/secure.gravatar.com\/avatar\/634f24fa895e1d9f3c99c0189db3874d?s=96&d=wavatar&r=g\",\"caption\":\"Jule Steinbr\u00fcck\"},\"description\":\"Jule developed a passion for world exploration before she was even able to read or write which has led to a diverse career path bridging the worlds of tourism, events production and culinary products. \u00a0After \ufb01nishing her degree in administration and management at the European Business School, she relocated to Vienna, Austria and kickstarted a career in travel and tourism services with Austrian Airlines followed by years in the luxury kitchen manufacturing markets of Australia and later transportation management simultaneously producing events in nightlife. Being in the need of always organising something, it comes with just that she works now as a Business Manager whilst also sharing her love of words by copywriting and translating. As Co-founder and Project Manager of DJsCan\u2019tCook she is able to merge her passions and inspire innovation while meeting the team organized, booking talent, managing tours, events, collaborations and concept development. Currently based in Barcelona.\",\"url\":\"https:\/\/www.tomhemps.com\/es\/author\/julestein\/\"}]}<\/script>\n<!-- \/ Yoast SEO Premium plugin. -->","yoast_head_json":{"title":"El proyecto de ley sobre la legalizaci\u00f3n del cannabis en Alemania se abre camino - Your CBD Shop | Your CBD Brand | born in Berlin","description":"En Alemania, el proyecto de ley se centra en los clubes de cannabis. En Baviera, se trata de impedir una ley sobre la legalizaci\u00f3n","robots":{"index":"index","follow":"follow","max-snippet":"max-snippet:-1","max-image-preview":"max-image-preview:large","max-video-preview":"max-video-preview:-1"},"canonical":"https:\/\/www.tomhemps.com\/es\/blog\/legalizacion-cannabis-alemania-proyecto-de-ley\/","og_locale":"es_ES","og_type":"article","og_title":"El proyecto de ley sobre la legalizaci\u00f3n del cannabis en Alemania se abre camino","og_description":"Your CBD Shop | Your CBD Brand | born in Berlin - El proyecto de ley sobre la legalizaci\u00f3n del cannabis en Alemania se abre camino","og_url":"https:\/\/www.tomhemps.com\/es\/blog\/legalizacion-cannabis-alemania-proyecto-de-ley\/","og_site_name":"Your CBD Shop | Your CBD Brand | born in Berlin","article_publisher":"https:\/\/www.facebook.com\/tomhempsberlin\/","article_published_time":"2023-05-17T08:44:58+00:00","article_modified_time":"2023-07-07T10:18:42+00:00","og_image":[{"width":1536,"height":1000,"url":"https:\/\/www.tomhemps.com\/wp-content\/uploads\/2023\/05\/Th_shutterstock_1704422476.jpg","type":"image\/jpeg"}],"author":"Jule Steinbr\u00fcck","twitter_card":"summary_large_image","twitter_misc":{"Escrito por":"Jule Steinbr\u00fcck","Tiempo de lectura":"5 minutos"},"schema":{"@context":"https:\/\/schema.org","@graph":[{"@type":"Article","@id":"https:\/\/www.tomhemps.com\/es\/blog\/legalizacion-cannabis-alemania-proyecto-de-ley\/#article","isPartOf":{"@id":"https:\/\/www.tomhemps.com\/es\/blog\/legalizacion-cannabis-alemania-proyecto-de-ley\/"},"author":{"name":"Jule Steinbr\u00fcck","@id":"https:\/\/www.tomhemps.com\/es\/#\/schema\/person\/a65e1b3284ce57f98be8f5bd3f2372b0"},"headline":"El proyecto de ley sobre la legalizaci\u00f3n del cannabis en Alemania se abre camino","datePublished":"2023-05-17T08:44:58+00:00","dateModified":"2023-07-07T10:18:42+00:00","mainEntityOfPage":{"@id":"https:\/\/www.tomhemps.com\/es\/blog\/legalizacion-cannabis-alemania-proyecto-de-ley\/"},"wordCount":1086,"commentCount":0,"publisher":{"@id":"https:\/\/www.tomhemps.com\/es\/#organization"},"image":{"@id":"https:\/\/www.tomhemps.com\/es\/blog\/legalizacion-cannabis-alemania-proyecto-de-ley\/#primaryimage"},"thumbnailUrl":"https:\/\/www.tomhemps.com\/wp-content\/uploads\/2023\/05\/Th_shutterstock_1704422476.jpg","articleSection":["Noticias","Legal"],"inLanguage":"es","potentialAction":[{"@type":"CommentAction","name":"Comment","target":["https:\/\/www.tomhemps.com\/es\/blog\/legalizacion-cannabis-alemania-proyecto-de-ley\/#respond"]}]},{"@type":"WebPage","@id":"https:\/\/www.tomhemps.com\/es\/blog\/legalizacion-cannabis-alemania-proyecto-de-ley\/","url":"https:\/\/www.tomhemps.com\/es\/blog\/legalizacion-cannabis-alemania-proyecto-de-ley\/","name":"El proyecto de ley sobre la legalizaci\u00f3n del cannabis en Alemania se abre camino - Your CBD Shop | Your CBD Brand | born in Berlin","isPartOf":{"@id":"https:\/\/www.tomhemps.com\/es\/#website"},"primaryImageOfPage":{"@id":"https:\/\/www.tomhemps.com\/es\/blog\/legalizacion-cannabis-alemania-proyecto-de-ley\/#primaryimage"},"image":{"@id":"https:\/\/www.tomhemps.com\/es\/blog\/legalizacion-cannabis-alemania-proyecto-de-ley\/#primaryimage"},"thumbnailUrl":"https:\/\/www.tomhemps.com\/wp-content\/uploads\/2023\/05\/Th_shutterstock_1704422476.jpg","datePublished":"2023-05-17T08:44:58+00:00","dateModified":"2023-07-07T10:18:42+00:00","description":"En Alemania, el proyecto de ley se centra en los clubes de cannabis. En Baviera, se trata de impedir una ley sobre la legalizaci\u00f3n","breadcrumb":{"@id":"https:\/\/www.tomhemps.com\/es\/blog\/legalizacion-cannabis-alemania-proyecto-de-ley\/#breadcrumb"},"inLanguage":"es","potentialAction":[{"@type":"ReadAction","target":["https:\/\/www.tomhemps.com\/es\/blog\/legalizacion-cannabis-alemania-proyecto-de-ley\/"]}]},{"@type":"ImageObject","inLanguage":"es","@id":"https:\/\/www.tomhemps.com\/es\/blog\/legalizacion-cannabis-alemania-proyecto-de-ley\/#primaryimage","url":"https:\/\/www.tomhemps.com\/wp-content\/uploads\/2023\/05\/Th_shutterstock_1704422476.jpg","contentUrl":"https:\/\/www.tomhemps.com\/wp-content\/uploads\/2023\/05\/Th_shutterstock_1704422476.jpg","width":1536,"height":1000,"caption":"REFERENTENENTWURF ZUR CANNABIS LEGALISIERUNG IN DEUTSCHLAND"},{"@type":"BreadcrumbList","@id":"https:\/\/www.tomhemps.com\/es\/blog\/legalizacion-cannabis-alemania-proyecto-de-ley\/#breadcrumb","itemListElement":[{"@type":"ListItem","position":1,"name":"Startseite","item":"https:\/\/www.tomhemps.com\/es\/"},{"@type":"ListItem","position":2,"name":"El proyecto de ley sobre la legalizaci\u00f3n del cannabis en Alemania se abre camino"}]},{"@type":"WebSite","@id":"https:\/\/www.tomhemps.com\/es\/#website","url":"https:\/\/www.tomhemps.com\/es\/","name":"Your CBD Shop | Your CBD Brand | born in Berlin","description":"CBD Shop Berlin","publisher":{"@id":"https:\/\/www.tomhemps.com\/es\/#organization"},"potentialAction":[{"@type":"SearchAction","target":{"@type":"EntryPoint","urlTemplate":"https:\/\/www.tomhemps.com\/es\/?s={search_term_string}"},"query-input":"required name=search_term_string"}],"inLanguage":"es"},{"@type":"Organization","@id":"https:\/\/www.tomhemps.com\/es\/#organization","name":"Tom Hemp's CBD Shop","alternateName":"Tom Hemp's Berlin","url":"https:\/\/www.tomhemps.com\/es\/","logo":{"@type":"ImageObject","inLanguage":"es","@id":"https:\/\/www.tomhemps.com\/es\/#\/schema\/logo\/image\/","url":"https:\/\/www.tomhemps.com\/wp-content\/uploads\/2019\/04\/Logo-2019-e1581413011332.jpg","contentUrl":"https:\/\/www.tomhemps.com\/wp-content\/uploads\/2019\/04\/Logo-2019-e1581413011332.jpg","width":460,"height":153,"caption":"Tom Hemp's CBD Shop"},"image":{"@id":"https:\/\/www.tomhemps.com\/es\/#\/schema\/logo\/image\/"},"sameAs":["https:\/\/www.facebook.com\/tomhempsberlin\/","https:\/\/www.instagram.com\/tomhemps_cbd\/","https:\/\/www.youtube.com\/channel\/UCbGxDacLx_DRKyder_zVoNw"]},{"@type":"Person","@id":"https:\/\/www.tomhemps.com\/es\/#\/schema\/person\/a65e1b3284ce57f98be8f5bd3f2372b0","name":"Jule Steinbr\u00fcck","image":{"@type":"ImageObject","inLanguage":"es","@id":"https:\/\/www.tomhemps.com\/es\/#\/schema\/person\/image\/","url":"https:\/\/secure.gravatar.com\/avatar\/634f24fa895e1d9f3c99c0189db3874d?s=96&d=wavatar&r=g","contentUrl":"https:\/\/secure.gravatar.com\/avatar\/634f24fa895e1d9f3c99c0189db3874d?s=96&d=wavatar&r=g","caption":"Jule Steinbr\u00fcck"},"description":"Jule developed a passion for world exploration before she was even able to read or write which has led to a diverse career path bridging the worlds of tourism, events production and culinary products. \u00a0After \ufb01nishing her degree in administration and management at the European Business School, she relocated to Vienna, Austria and kickstarted a career in travel and tourism services with Austrian Airlines followed by years in the luxury kitchen manufacturing markets of Australia and later transportation management simultaneously producing events in nightlife. Being in the need of always organising something, it comes with just that she works now as a Business Manager whilst also sharing her love of words by copywriting and translating. As Co-founder and Project Manager of DJsCan\u2019tCook she is able to merge her passions and inspire innovation while meeting the team organized, booking talent, managing tours, events, collaborations and concept development. Currently based in Barcelona.","url":"https:\/\/www.tomhemps.com\/es\/author\/julestein\/"}]}},"_links":{"self":[{"href":"https:\/\/www.tomhemps.com\/es\/wp-json\/wp\/v2\/posts\/576149"}],"collection":[{"href":"https:\/\/www.tomhemps.com\/es\/wp-json\/wp\/v2\/posts"}],"about":[{"href":"https:\/\/www.tomhemps.com\/es\/wp-json\/wp\/v2\/types\/post"}],"author":[{"embeddable":true,"href":"https:\/\/www.tomhemps.com\/es\/wp-json\/wp\/v2\/users\/9257"}],"replies":[{"embeddable":true,"href":"https:\/\/www.tomhemps.com\/es\/wp-json\/wp\/v2\/comments?post=576149"}],"version-history":[{"count":2,"href":"https:\/\/www.tomhemps.com\/es\/wp-json\/wp\/v2\/posts\/576149\/revisions"}],"predecessor-version":[{"id":576160,"href":"https:\/\/www.tomhemps.com\/es\/wp-json\/wp\/v2\/posts\/576149\/revisions\/576160"}],"wp:featuredmedia":[{"embeddable":true,"href":"https:\/\/www.tomhemps.com\/es\/wp-json\/wp\/v2\/media\/568471"}],"wp:attachment":[{"href":"https:\/\/www.tomhemps.com\/es\/wp-json\/wp\/v2\/media?parent=576149"}],"wp:term":[{"taxonomy":"category","embeddable":true,"href":"https:\/\/www.tomhemps.com\/es\/wp-json\/wp\/v2\/categories?post=576149"},{"taxonomy":"post_tag","embeddable":true,"href":"https:\/\/www.tomhemps.com\/es\/wp-json\/wp\/v2\/tags?post=576149"}],"curies":[{"name":"wp","href":"https:\/\/api.w.org\/{rel}","templated":true}]}}