{"id":572444,"date":"2023-05-09T09:41:52","date_gmt":"2023-05-09T07:41:52","guid":{"rendered":"https:\/\/www.tomhemps.com\/blog\/noticia\/neue-regelungen-cannabis-paradies-europa-news\/"},"modified":"2023-06-12T11:42:56","modified_gmt":"2023-06-12T09:42:56","slug":"caldeirao-mudancas-paraiso-cannabis-europa-noticias-globais","status":"publish","type":"post","link":"https:\/\/www.tomhemps.com\/pt-pt\/blog\/caldeirao-mudancas-paraiso-cannabis-europa-noticias-globais\/","title":{"rendered":"No Caldeir\u00e3o &#8211; Mudan\u00e7as No Para\u00edso Da Can\u00e1bis NA Europa E Outras Not\u00edcias Globais"},"content":{"rendered":"<p><strong>Imaginem uma cidade. Imaginem uma cidade que perde o seu encanto para os turistas desordeiros que tomam conta das ruas para festejar sem respeitar os seus habitantes e a sua cultura. Um centro de cidade perdido pelo excesso de turismo. Em Amesterd\u00e3o, esta \u00e9 uma realidade quotidiana e raz\u00e3o para a cidade introduzir v\u00e1rias altera\u00e7\u00f5es para trazer de volta um modo de vida mais pac\u00edfico aos bairros populares. Parte das restri\u00e7\u00f5es: A proibi\u00e7\u00e3o de fumar erva ao ar livre na zona da luz vermelha. Junta-te a n\u00f3s para um pequeno mergulho nas not\u00edcias globais sobre a can\u00e1bis em todo o mundo.<\/strong><\/p>\n<h2><strong>AMSTERD\u00c3O: MUDAN\u00c7AS NO PARA\u00cdSO EUROPEU DA CAN\u00c1BIS<\/strong><\/h2>\n<p>Se num destino tur\u00edstico famoso, at\u00e9 os turistas come\u00e7am a queixar-se de que h\u00e1 demasiados turistas: A luta \u00e9 real. Durante anos, a qualidade de vida no centro hist\u00f3rico de Amesterd\u00e3o foi afetada pelo turismo de massas. Com um n\u00famero de <a href=\"https:\/\/www.statista.com\/statistics\/1266470\/overnight-accommodation-amsterdam-netherlands\/\">22 milh\u00f5es de dormidas<\/a> por ano antes da pandemia, uma iniciativa de cidad\u00e3os fez campanha por um limite de 20 milh\u00f5es. Com \u00eaxito!<\/p>\n<p>Seguiu-se o plano para <strong>proibir o consumo de can\u00e1bis nas ruas do famoso bairro da luz vermelha a partir de meados de Maio<\/strong>. Uma outra medida, com o objetivo de melhorar a qualidade de vida no centro da cidade, \u00e9 a proibi\u00e7\u00e3o da venda de bebidas alco\u00f3licas depois das 16 horas, de quinta a domingo, nos supermercados do centro da cidade. Um recolher obrigat\u00f3rio regula o limite de abertura dos caf\u00e9s e restaurantes at\u00e9 \u00e0s 2 da manh\u00e3 de sexta-feira e s\u00e1bado. O &#8220;hor\u00e1rio de abertura&#8221; refere-se aos estabelecimentos que servem bebidas alco\u00f3licas que t\u00eam de fechar \u00e0 uma da manh\u00e3.<\/p>\n<p>A isso seguir-se-\u00e1, possivelmente, a <strong>proibi\u00e7\u00e3o de fumar can\u00e1bis nas esplanadas dos caf\u00e9s<\/strong>.\u00a0 Al\u00e9m disso, est\u00e1 a ser considerada a possibilidade de <strong>proibir a venda aos turistas nos coffeeshops,<\/strong> caso tudo isto n\u00e3o conduza a uma mudan\u00e7a aceit\u00e1vel. Ao negar-lhes o direito de compra, a esperan\u00e7a \u00e9 influenciar mais o comportamento daqueles que n\u00e3o t\u00eam a no\u00e7\u00e3o do que significa respeitar a vida dos outros, neste caso, a popula\u00e7\u00e3o local.<\/p>\n<p>Talvez seja altura de todos os que visitam um lugar t\u00e3o bonito do mundo o tratarem como se quisessem ser tratados na sua pr\u00f3pria casa. Isso talvez n\u00e3o reduza o n\u00famero de turistas, mas sim o n\u00famero de passeios cheios de lixo e de multid\u00f5es a gritar e a vaguear \u00e0 noite, perturbando a paz dos outros. Porque, no fim de contas, as restri\u00e7\u00f5es recaem sobre os custos de quem deveria ser menos afetado. As empresas, bem como a ind\u00fastria da can\u00e1bis, que est\u00e1 a trabalhar globalmente na legaliza\u00e7\u00e3o de uma planta que comprovadamente pode ter um impacto positivo na sa\u00fade.<\/p>\n<h2><strong>ISRAEL: DIMINUI O N\u00daMERO DE UTILIZADORES DE CAN\u00c1BIS MEDICINAL<\/strong><\/h2>\n<p>Por falar em sa\u00fade, Israel \u00e9 conhecido por ser <strong>o pa\u00eds com o maior n\u00famero de pacientes de can\u00e1bis medicinal per capita<\/strong>. Com a investiga\u00e7\u00e3o e a inova\u00e7\u00e3o a serem totalmente apoiadas pelo Minist\u00e9rio da Sa\u00fade. O n\u00famero de cerca de <strong>123.000 pessoas eleg\u00edveis para o tratamento<\/strong> com a subst\u00e2ncia vegetal da can\u00e1bis, marcou um ponto alto que foi alcan\u00e7ado no in\u00edcio do ano. Mas, apesar de tudo, o processo de obten\u00e7\u00e3o da autoriza\u00e7\u00e3o abrandou e, pela primeira vez em anos, os n\u00fameros diminu\u00edram desde ent\u00e3o. A raz\u00e3o \u00e9 que o acesso est\u00e1 limitado a doen\u00e7as extremamente espec\u00edficas e as autoriza\u00e7\u00f5es t\u00eam de ser pedidas por um m\u00e9dico, digamos, de uma forma burocr\u00e1tica n\u00e3o muito f\u00e1cil.<\/p>\n<p>\u00c9 por isso que uma comiss\u00e3o do Minist\u00e9rio da Sa\u00fade j\u00e1 havia pressionado por uma nova estrutura regulat\u00f3ria em julho de 2022. Principalmente para facilitar a prescri\u00e7\u00e3o e, ao faz\u00ea-lo, espera-se que os n\u00fameros possam aumentar para 250.000 pacientes muito rapidamente. Mas as mudan\u00e7as em curso no seio do governo nos \u00faltimos anos continuam a travar o movimento, tamb\u00e9m no sentido da legaliza\u00e7\u00e3o da marijuana para fins recreativos. Tendo estado na ordem do dia durante bastante tempo, um projeto de lei que a regulamentava foi rejeitado no Ver\u00e3o de 2021.<\/p>\n<p><strong>Classificada como uso pessoal, com um m\u00e1ximo de 15 g de erva<\/strong> e sendo a realidade que a can\u00e1bis faz parte da sociedade atual tamb\u00e9m em Israel, h\u00e1 mais locais onde \u00e9 tolerado fumar erva em locais p\u00fablicos do que em certos pa\u00edses onde \u00e9 legal, como o Canad\u00e1. Especialmente em Telavive, a toler\u00e2ncia em rela\u00e7\u00e3o a esta planta \u00e9 not\u00e1vel e \u00e9 certamente um facto agrad\u00e1vel de conhecer. Por isso, \u00e9 uma quest\u00e3o de tempo, \u00e9 o jogo da espera at\u00e9 \u00e0 concretiza\u00e7\u00e3o de uma mudan\u00e7a de lei e de um sistema mais simples de burocracia para uso medicinal.<\/p>\n<p>E n\u00e3o esque\u00e7amos que <strong>o pa\u00eds alberga algumas das f\u00e1bricas de can\u00e1bis de elite do mundo<\/strong> e \u00e9 certamente capaz de produzir produtos de alta qualidade. <strong>Prof. Raphael Mechoulam<\/strong>, da Universidade Hebraica de Jerusal\u00e9m, foi quem isolou o <a href=\"https:\/\/www.tomhemps.com\/pt-pt\/blog\/bom-saber\/tetrahydrocannabinol-o-quem-e-quem-da-planta-de-canabis\/\">\u03949-tetrahidrocanabinol (THC),<\/a> a subst\u00e2ncia qu\u00edmica psicoativa da planta da marijuana, em 1960. Ele e a sua equipa realizaram estudos inovadores, nos quais ficou subitamente provado que o THC oferece uma variedade de benef\u00edcios medicinais, como o al\u00edvio da dor. Infelizmente, faleceu com 92 anos em Mar\u00e7o deste ano. <strong>Durante a sua vida, recebeu numerosos pr\u00e9mios pelo seu trabalho significativo, que certamente teve um impacto em toda a vis\u00e3o sobre a marijuana<\/strong>.<\/p>\n<h2>CHAMANDO +420 &#8211; REP\u00daBLICA CHECA LEGALIZA\u00c7\u00c3O DA CAN\u00c1BIS<\/h2>\n<p>Porque quem sabe onde estaria qualquer ideia de legaliza\u00e7\u00e3o sem os seus estudos e realiza\u00e7\u00f5es cient\u00edficas. O que sabemos \u00e9 que o nosso pa\u00eds vizinho, a <strong>Rep\u00fablica Checa, est\u00e1 a trabalhar na implementa\u00e7\u00e3o de um mercado regulamentado de can\u00e1bis<\/strong>. Totalmente legal, mas regulamentado. A reforma inclui pontos sobre preven\u00e7\u00e3o, consumo, venda e publicidade e poder\u00e1 ser introduzida com todos os seus pormenores at\u00e9 ao final de Junho de 2023.<\/p>\n<p>\u00c0 semelhan\u00e7a de v\u00e1rios pa\u00edses da Uni\u00e3o Europeia, incluindo a vizinha Alemanha, a Rep\u00fablica Checa pretende controlar um mercado negro e prefere que lhe seja apresentado um documento de identifica\u00e7\u00e3o e uma idade comprovada, para depois ver algu\u00e9m comprar ilegalmente, sem qualquer controlo da qualidade ou da origem da subst\u00e2ncia. Se estivesse nas m\u00e3os do <strong>coordenador nacional da pol\u00edtica antidroga, Jind\u0159ich Vobo\u0159il, a aprova\u00e7\u00e3o dos regulamentos seria feita at\u00e9 ao final de 2022<\/strong>, mas v\u00e1rias vozes se levantaram, incluindo a do Minist\u00e9rio da Sa\u00fade e do Minist\u00e9rio das Finan\u00e7as, pelo que o atraso foi o \u00fanico acordo feito. Realisticamente, <strong>2024 poderia ser a altura em que a lei entraria em vigor<\/strong>.<\/p>\n<p>Em controv\u00e9rsia, as not\u00edcias da semana passada revelaram que existe um <strong>plano para proibir os produtos CBD<\/strong>. Iniciado pelo Ministro da Agricultura Zden\u011bk Nekula e baseado no novo regulamento alimentar da UE que questiona a seguran\u00e7a dos alimentos, incluindo o CBD, juntamente com a falta de informa\u00e7\u00e3o sobre os produtos. At\u00e9 agora, n\u00e3o h\u00e1 tempo dado quando as medidas relacionadas poderiam ser tomadas, o que significaria a remo\u00e7\u00e3o de c\u00e1psulas, gomas e comest\u00edveis, bem como de uma variedade de produtos cosm\u00e9ticos.<\/p>\n<h2>A SU\u00cd\u00c7A REALIZA UM ENSAIO SOBRE O CONSUMO DE CAN\u00c1BIS<\/h2>\n<p>Mas voltemos \u00e0s boas not\u00edcias: Um ensaio com o objetivo de avaliar os benef\u00edcios sociais e econ\u00f3micos da can\u00e1bis, que ter\u00e1 in\u00edcio no Ver\u00e3o, <strong>legalizar\u00e1 o consumo para 2100 residentes de Zurique<\/strong>.<\/p>\n<p>Com um n\u00famero crescente de Estados europeus a liberalizar a erva, o governo su\u00ed\u00e7o repensa a sua pr\u00f3pria regulamenta\u00e7\u00e3o. Os dados recolhidos em colabora\u00e7\u00e3o com a Universidade de Zurique ser\u00e3o um fator determinante para a forma como isso poder\u00e1 vir a acontecer. Com uma dura\u00e7\u00e3o de seis meses, os participantes s\u00e3o submetidos a um question\u00e1rio cont\u00ednuo e t\u00eam acesso a uma variedade de produtos de can\u00e1bis nas farm\u00e1cias.<\/p>\n<p><a href=\"https:\/\/ind.obsan.admin.ch\/en\/indicator\/monam\/cannabis-consumption-age-15-64\">De acordo com as estat\u00edsticas<\/a>, <strong>cerca de um ter\u00e7o dos adultos na Su\u00ed\u00e7a j\u00e1 experimentou marijuana<\/strong>. Por isso, de alguma forma, n\u00e3o se pode negar que a planta merece o seu direito \u00e0 exist\u00eancia legal. E talvez seja essa a raz\u00e3o pela qual os mesmos estudos s\u00e3o efetuados em Genebra, Lausanne, Basileia, Berna e Winterthur.<\/p>\n<h2><strong>ALEMANHA &#8211; PROJECTO DE LEI APRESENTADO<\/strong><\/h2>\n<p>E na Alemanha? No in\u00edcio de Abril, o Ministro da Sa\u00fade, Prof. Dr. Karl Lauterbach, <a href=\"https:\/\/www.tomhemps.com\/pt-pt\/blog\/noticia\/legalizacao-da-cannabis-alemanha-acordo\/\"><strong>publicou os dados essenciais para a legaliza\u00e7\u00e3o da can\u00e1bis<\/strong><\/a>. Agora, o primeiro projeto de lei est\u00e1 pronto para uma vota\u00e7\u00e3o interna do governo. E mesmo que ainda se esperem altera\u00e7\u00f5es, \u00e9 mais do que prov\u00e1vel que sejam estabelecidas condi\u00e7\u00f5es rigorosas para os clubes de can\u00e1bis planeados para a distribui\u00e7\u00e3o. Vedados e a uma dist\u00e2ncia m\u00ednima de 250 metros de escolas, creches e outras instala\u00e7\u00f5es, o consumo est\u00e1 previsto ser proibido a uma determinada dist\u00e2ncia, o que tamb\u00e9m se aplica ao interior dos clubes.<\/p>\n<p>A venda livre de can\u00e1bis continua a ser um sonho imposs\u00edvel. S\u00f3 quando o segundo pilar estiver em vigor, ap\u00f3s projetos-piloto em munic\u00edpios selecionados, \u00e9 que poder\u00e1 haver outra lei.<\/p>\n<p>Resta saber qual ser\u00e1 o resultado do acordo com os minist\u00e9rios. A pr\u00f3xima ronda ser\u00e1 uma audi\u00e7\u00e3o com as associa\u00e7\u00f5es. Seguir-se-\u00e1 o Conselho de Ministros Federal e depois a delibera\u00e7\u00e3o no Parlamento Federal. Uma vez que n\u00e3o \u00e9 necess\u00e1ria a aprova\u00e7\u00e3o do Bundesrat, <strong>ainda podemos esperar uma implementa\u00e7\u00e3o at\u00e9 ao final deste ano<\/strong>. Mas vamos tratar disso com cuidado&#8230;<\/p>\n<p>+420 n\u00e3o \u00e9 apenas o c\u00f3digo de pa\u00eds para a Rep\u00fablica Checa, mas tamb\u00e9m aquilo a que nos poder\u00edamos referir em todo o lado. Todos os dias. E esperemos que em breve represente tamb\u00e9m uma Alemanha pr\u00f3-can\u00e1bis. Vamos ver. E gostamos certamente de te ver convosco e temos sempre todo o gosto em falar, partilhar ou simplesmente apresentar-te tudo o que \u00e9 <a href=\"https:\/\/www.tomhemps.com\/pt-pt\/cbdictionary\/\">CBD<\/a>&#8230; e <a href=\"https:\/\/www.tomhemps.com\/en\/cbdictionary\/thc-seeds\/\">conhecimento<\/a> sobre a can\u00e1bis. <a href=\"https:\/\/www.tomhemps.com\/pt-pt\/pesquisar-revendedore\/\">Vem visitar-nos em todo o mundo<\/a>.<\/p>\n    <div class=\"bestsellers-container\">\r\n        <div class=\"bestsellers products-grid theme__Black mbrt-cascade-animation-disabled parallax-animation-disabled\" style=\"width: 100%; margin-bottom: 0\"\r\n             data-cascade-animation-disabled=\"slide-up\" data-parallax-depth=\"1\">\r\n            <div class=\"container p-0 p-md-0\">\r\n                                                <div class=\"content_products-multi products\">\r\n                    <div class=\"row no-gutters\">\r\n                        <div id=\"sw_4844_533047_154433\"  class=\"swiper-container swiper-bestsellers-multi\">\r\n                            <div class=\"swiper-wrapper\">\r\n                                                                    <div class=\"swiper-slide\">\r\n                                        <div class=\"newstyled product type-product post-164016 status-publish first outofstock product_cat-th-products-pt-pt product_cat-produtos-cbd product_cat-flor-de-cbd has-post-thumbnail taxable shipping-taxable purchasable product-type-variable has-default-attributes\">\r\n    <a href=\"https:\/\/www.tomhemps.com\/pt-pt\/prp\/flor-de-cbd-gorilla-glue\/\" class=\"woocommerce-LoopProduct-link woocommerce-loop-product__link\"><div class=\"prod_sticker_loop\"><\/div>        <img decoding=\"async\" data-no-lazy=\"1\" src=\"https:\/\/www.tomhemps.com\/wp-content\/uploads\/2022\/10\/TH-products-webshop-680x850-Gorilla-Glue.png\" alt=\"Flor de CBD Gorilla Glue\">\r\n    <\/a><div class=\"top__line line\"><\/div><a href=\"https:\/\/www.tomhemps.com\/pt-pt\/prp\/flor-de-cbd-gorilla-glue\/\" class=\"woocommerce-LoopProduct-link woocommerce-loop-product__link\"><span class=\"gtm4wp_productdata\" style=\"display:none; visibility:hidden;\" data-gtm4wp_product_data=\"{&quot;internal_id&quot;:164016,&quot;item_id&quot;:164016,&quot;item_name&quot;:&quot;Flor de CBD Gorilla Glue&quot;,&quot;sku&quot;:164016,&quot;price&quot;:9.5,&quot;stocklevel&quot;:null,&quot;stockstatus&quot;:&quot;outofstock&quot;,&quot;google_business_vertical&quot;:&quot;retail&quot;,&quot;item_category&quot;:&quot;Flores de CBD&quot;,&quot;id&quot;:164016,&quot;productlink&quot;:&quot;https:\\\/\\\/www.tomhemps.com\\\/pt-pt\\\/prp\\\/flor-de-cbd-gorilla-glue\\\/&quot;,&quot;item_list_name&quot;:&quot;General Product List&quot;,&quot;index&quot;:1,&quot;product_type&quot;:&quot;variable&quot;,&quot;item_brand&quot;:&quot;&quot;}\"><\/span><h2 class=\"woocommerce-loop-product__title\">Flor de CBD Gorilla Glue<\/h2><\/a><div class=\"out-of-stock-grid\">Out of stock<\/div><span class=\"open-popup\" data-product-id=\"164016\">\n    <span class=\"wholesale__options\">Select Options<\/span>\n<\/span>\n    <span class=\"price\">De <span class=\"woocommerce-Price-amount amount\"><bdi><span class=\"woocommerce-Price-currencySymbol\">&euro;<\/span>9,50<\/bdi><\/span><\/span>\n<\/div>\r\n                                    <\/div>\r\n                                                                        <div class=\"swiper-slide\">\r\n                                        <div class=\"newstyled product type-product post-533141 status-publish instock product_cat-th-products-pt-pt product_cat-produtos-cbd product_cat-flor-de-cbd has-post-thumbnail taxable shipping-taxable purchasable product-type-variable has-default-attributes\">\r\n    <a href=\"https:\/\/www.tomhemps.com\/pt-pt\/prp\/flor-de-cbd-small-friends\/\" class=\"woocommerce-LoopProduct-link woocommerce-loop-product__link\"><div class=\"prod_sticker_loop\"><\/div>        <img decoding=\"async\" data-no-lazy=\"1\" src=\"https:\/\/www.tomhemps.com\/wp-content\/uploads\/2022\/09\/TH-product-small-friends-ecobag.png\" alt=\"Flor de CBD Small Friends\">\r\n    <\/a><div class=\"top__line line\"><\/div><a href=\"https:\/\/www.tomhemps.com\/pt-pt\/prp\/flor-de-cbd-small-friends\/\" class=\"woocommerce-LoopProduct-link woocommerce-loop-product__link\"><span class=\"gtm4wp_productdata\" style=\"display:none; visibility:hidden;\" data-gtm4wp_product_data=\"{&quot;internal_id&quot;:533141,&quot;item_id&quot;:533141,&quot;item_name&quot;:&quot;Flor de CBD Small Friends&quot;,&quot;sku&quot;:533141,&quot;price&quot;:23,&quot;stocklevel&quot;:null,&quot;stockstatus&quot;:&quot;instock&quot;,&quot;google_business_vertical&quot;:&quot;retail&quot;,&quot;item_category&quot;:&quot;Flores de CBD&quot;,&quot;id&quot;:533141,&quot;productlink&quot;:&quot;https:\\\/\\\/www.tomhemps.com\\\/pt-pt\\\/prp\\\/flor-de-cbd-small-friends\\\/&quot;,&quot;item_list_name&quot;:&quot;General Product List&quot;,&quot;index&quot;:2,&quot;product_type&quot;:&quot;variable&quot;,&quot;item_brand&quot;:&quot;&quot;}\"><\/span><h2 class=\"woocommerce-loop-product__title\">Flor de CBD Small Friends<\/h2><\/a><span class=\"open-popup\" data-product-id=\"533141\">\n    <span class=\"wholesale__options\">Select Options<\/span>\n<\/span>\n    <span class=\"price\">De <span class=\"woocommerce-Price-amount amount\"><bdi><span class=\"woocommerce-Price-currencySymbol\">&euro;<\/span>23,00<\/bdi><\/span><\/span>\n<\/div>\r\n                                    <\/div>\r\n                                                                        <div class=\"swiper-slide\">\r\n                                        <div class=\"newstyled product type-product post-163883 status-publish instock product_cat-th-products-pt-pt product_cat-produtos-cbd product_cat-flor-de-cbd has-post-thumbnail sale taxable shipping-taxable purchasable product-type-variable has-default-attributes\">\r\n    <a href=\"https:\/\/www.tomhemps.com\/pt-pt\/prp\/flor-de-cbd-purple-berry\/\" class=\"woocommerce-LoopProduct-link woocommerce-loop-product__link\"><div class=\"prod_sticker_loop\"><span class=\"prod_sticker onsale\" title=\"Sale\">%<\/span><\/div>        <img decoding=\"async\" data-no-lazy=\"1\" src=\"https:\/\/www.tomhemps.com\/wp-content\/uploads\/2022\/10\/TH-products-webshop-680x850-Purple-Berry.png\" alt=\"Flor de CBD Purple Berry\">\r\n    <\/a><div class=\"top__line line\"><\/div><a href=\"https:\/\/www.tomhemps.com\/pt-pt\/prp\/flor-de-cbd-purple-berry\/\" class=\"woocommerce-LoopProduct-link woocommerce-loop-product__link\"><span class=\"gtm4wp_productdata\" style=\"display:none; visibility:hidden;\" data-gtm4wp_product_data=\"{&quot;internal_id&quot;:163883,&quot;item_id&quot;:163883,&quot;item_name&quot;:&quot;Flor de CBD Purple Berry&quot;,&quot;sku&quot;:163883,&quot;price&quot;:9,&quot;stocklevel&quot;:null,&quot;stockstatus&quot;:&quot;instock&quot;,&quot;google_business_vertical&quot;:&quot;retail&quot;,&quot;item_category&quot;:&quot;Flores de CBD&quot;,&quot;id&quot;:163883,&quot;productlink&quot;:&quot;https:\\\/\\\/www.tomhemps.com\\\/pt-pt\\\/prp\\\/flor-de-cbd-purple-berry\\\/&quot;,&quot;item_list_name&quot;:&quot;General Product List&quot;,&quot;index&quot;:3,&quot;product_type&quot;:&quot;variable&quot;,&quot;item_brand&quot;:&quot;&quot;}\"><\/span><h2 class=\"woocommerce-loop-product__title\">Flor de CBD Purple Berry<\/h2><\/a><span class=\"open-popup\" data-product-id=\"163883\">\n    <span class=\"wholesale__options\">Select Options<\/span>\n<\/span>\n    <span class=\"price\">De <del><span class=\"woocommerce-Price-amount amount\"><bdi><span class=\"woocommerce-Price-currencySymbol\">&euro;<\/span>9,00<\/bdi><\/span><\/del><ins><span class=\"woocommerce-Price-amount amount\"><bdi><span class=\"woocommerce-Price-currencySymbol\">&euro;<\/span>7,20<\/bdi><\/span><\/ins><\/span>\n<\/div>\r\n                                    <\/div>\r\n                                                                <\/div>\r\n                        <\/div>\r\n                        <div class=\"ps_swipe__btn swiper-button-next\"><\/div>\r\n                        <div class=\"ps_swipe__btn swiper-button-prev\"><\/div>\r\n                    <\/div>\r\n                <\/div>\r\n            <\/div>\r\n        <\/div>\r\n    <\/div>\r\n\n<p><cite>Photo: hurricanehank \/ <a href=\"https:\/\/www.shutterstock.com\/\" target=\"_blank\" rel=\"noopener\">Shutterstock<\/a><\/cite><\/p>\n","protected":false},"excerpt":{"rendered":"","protected":false},"author":9257,"featured_media":567394,"comment_status":"open","ping_status":"closed","sticky":false,"template":"","format":"standard","meta":{"_acf_changed":false,"footnotes":""},"categories":[1442],"tags":[],"acf":[],"yoast_head":"<!-- This site is optimized with the Yoast SEO Premium plugin v22.8 (Yoast SEO v22.8) - https:\/\/yoast.com\/wordpress\/plugins\/seo\/ -->\n<title>No Caldeir\u00e3o - Mudan\u00e7as No Para\u00edso Da Can\u00e1bis NA Europa E Outras Not\u00edcias Globais - Your CBD Shop | Your CBD Brand | born in Berlin<\/title>\n<meta name=\"description\" content=\"Amesterd\u00e3o pro\u00edbe fumar erva nas ruas dos seus bairros da luz vermelha e outras not\u00edcias relacionadas com o CBD. Porque o CBD \u00e9 a nossa miss\u00e3o\" \/>\n<meta name=\"robots\" content=\"index, follow, max-snippet:-1, max-image-preview:large, max-video-preview:-1\" \/>\n<link rel=\"canonical\" href=\"https:\/\/www.tomhemps.com\/pt-pt\/blog\/caldeirao-mudancas-paraiso-cannabis-europa-noticias-globais\/\" \/>\n<meta property=\"og:locale\" content=\"pt_PT\" \/>\n<meta property=\"og:type\" content=\"article\" \/>\n<meta property=\"og:title\" content=\"No Caldeir\u00e3o - Mudan\u00e7as No Para\u00edso Da Can\u00e1bis NA Europa E Outras Not\u00edcias Globais\" \/>\n<meta property=\"og:description\" content=\"Your CBD Shop | Your CBD Brand | born in Berlin - No Caldeir\u00e3o - Mudan\u00e7as No Para\u00edso Da Can\u00e1bis NA Europa E Outras Not\u00edcias Globais\" \/>\n<meta property=\"og:url\" content=\"https:\/\/www.tomhemps.com\/pt-pt\/blog\/caldeirao-mudancas-paraiso-cannabis-europa-noticias-globais\/\" \/>\n<meta property=\"og:site_name\" content=\"Your CBD Shop | Your CBD Brand | born in Berlin\" \/>\n<meta property=\"article:publisher\" content=\"https:\/\/www.facebook.com\/tomhempsberlin\/\" \/>\n<meta property=\"article:published_time\" content=\"2023-05-09T07:41:52+00:00\" \/>\n<meta property=\"article:modified_time\" content=\"2023-06-12T09:42:56+00:00\" \/>\n<meta property=\"og:image\" content=\"https:\/\/www.tomhemps.com\/wp-content\/uploads\/2023\/05\/shutterstock_14174660541.jpg\" \/>\n\t<meta property=\"og:image:width\" content=\"1536\" \/>\n\t<meta property=\"og:image:height\" content=\"1000\" \/>\n\t<meta property=\"og:image:type\" content=\"image\/jpeg\" \/>\n<meta name=\"author\" content=\"Jule Steinbr\u00fcck\" \/>\n<meta name=\"twitter:card\" content=\"summary_large_image\" \/>\n<meta name=\"twitter:label1\" content=\"Escrito por\" \/>\n\t<meta name=\"twitter:data1\" content=\"Jule Steinbr\u00fcck\" \/>\n\t<meta name=\"twitter:label2\" content=\"Tempo estimado de leitura\" \/>\n\t<meta name=\"twitter:data2\" content=\"7 minutos\" \/>\n<script type=\"application\/ld+json\" class=\"yoast-schema-graph\">{\"@context\":\"https:\/\/schema.org\",\"@graph\":[{\"@type\":\"Article\",\"@id\":\"https:\/\/www.tomhemps.com\/pt-pt\/blog\/caldeirao-mudancas-paraiso-cannabis-europa-noticias-globais\/#article\",\"isPartOf\":{\"@id\":\"https:\/\/www.tomhemps.com\/pt-pt\/blog\/caldeirao-mudancas-paraiso-cannabis-europa-noticias-globais\/\"},\"author\":{\"name\":\"Jule Steinbr\u00fcck\",\"@id\":\"https:\/\/www.tomhemps.com\/pt-pt\/#\/schema\/person\/a65e1b3284ce57f98be8f5bd3f2372b0\"},\"headline\":\"No Caldeir\u00e3o &#8211; Mudan\u00e7as No Para\u00edso Da Can\u00e1bis NA Europa E Outras Not\u00edcias Globais\",\"datePublished\":\"2023-05-09T07:41:52+00:00\",\"dateModified\":\"2023-06-12T09:42:56+00:00\",\"mainEntityOfPage\":{\"@id\":\"https:\/\/www.tomhemps.com\/pt-pt\/blog\/caldeirao-mudancas-paraiso-cannabis-europa-noticias-globais\/\"},\"wordCount\":1776,\"commentCount\":0,\"publisher\":{\"@id\":\"https:\/\/www.tomhemps.com\/pt-pt\/#organization\"},\"image\":{\"@id\":\"https:\/\/www.tomhemps.com\/pt-pt\/blog\/caldeirao-mudancas-paraiso-cannabis-europa-noticias-globais\/#primaryimage\"},\"thumbnailUrl\":\"https:\/\/www.tomhemps.com\/wp-content\/uploads\/2023\/05\/shutterstock_14174660541.jpg\",\"articleSection\":[\"Not\u00edcia\"],\"inLanguage\":\"pt-PT\",\"potentialAction\":[{\"@type\":\"CommentAction\",\"name\":\"Comment\",\"target\":[\"https:\/\/www.tomhemps.com\/pt-pt\/blog\/caldeirao-mudancas-paraiso-cannabis-europa-noticias-globais\/#respond\"]}]},{\"@type\":\"WebPage\",\"@id\":\"https:\/\/www.tomhemps.com\/pt-pt\/blog\/caldeirao-mudancas-paraiso-cannabis-europa-noticias-globais\/\",\"url\":\"https:\/\/www.tomhemps.com\/pt-pt\/blog\/caldeirao-mudancas-paraiso-cannabis-europa-noticias-globais\/\",\"name\":\"No Caldeir\u00e3o - Mudan\u00e7as No Para\u00edso Da Can\u00e1bis NA Europa E Outras Not\u00edcias Globais - Your CBD Shop | Your CBD Brand | born in Berlin\",\"isPartOf\":{\"@id\":\"https:\/\/www.tomhemps.com\/pt-pt\/#website\"},\"primaryImageOfPage\":{\"@id\":\"https:\/\/www.tomhemps.com\/pt-pt\/blog\/caldeirao-mudancas-paraiso-cannabis-europa-noticias-globais\/#primaryimage\"},\"image\":{\"@id\":\"https:\/\/www.tomhemps.com\/pt-pt\/blog\/caldeirao-mudancas-paraiso-cannabis-europa-noticias-globais\/#primaryimage\"},\"thumbnailUrl\":\"https:\/\/www.tomhemps.com\/wp-content\/uploads\/2023\/05\/shutterstock_14174660541.jpg\",\"datePublished\":\"2023-05-09T07:41:52+00:00\",\"dateModified\":\"2023-06-12T09:42:56+00:00\",\"description\":\"Amesterd\u00e3o pro\u00edbe fumar erva nas ruas dos seus bairros da luz vermelha e outras not\u00edcias relacionadas com o CBD. Porque o CBD \u00e9 a nossa miss\u00e3o\",\"breadcrumb\":{\"@id\":\"https:\/\/www.tomhemps.com\/pt-pt\/blog\/caldeirao-mudancas-paraiso-cannabis-europa-noticias-globais\/#breadcrumb\"},\"inLanguage\":\"pt-PT\",\"potentialAction\":[{\"@type\":\"ReadAction\",\"target\":[\"https:\/\/www.tomhemps.com\/pt-pt\/blog\/caldeirao-mudancas-paraiso-cannabis-europa-noticias-globais\/\"]}]},{\"@type\":\"ImageObject\",\"inLanguage\":\"pt-PT\",\"@id\":\"https:\/\/www.tomhemps.com\/pt-pt\/blog\/caldeirao-mudancas-paraiso-cannabis-europa-noticias-globais\/#primaryimage\",\"url\":\"https:\/\/www.tomhemps.com\/wp-content\/uploads\/2023\/05\/shutterstock_14174660541.jpg\",\"contentUrl\":\"https:\/\/www.tomhemps.com\/wp-content\/uploads\/2023\/05\/shutterstock_14174660541.jpg\",\"width\":1536,\"height\":1000,\"caption\":\"NEUE REGELUNGEN IN EUROPAS CANNABIS PARADIES UND ANDERE NEWS\"},{\"@type\":\"BreadcrumbList\",\"@id\":\"https:\/\/www.tomhemps.com\/pt-pt\/blog\/caldeirao-mudancas-paraiso-cannabis-europa-noticias-globais\/#breadcrumb\",\"itemListElement\":[{\"@type\":\"ListItem\",\"position\":1,\"name\":\"Startseite\",\"item\":\"https:\/\/www.tomhemps.com\/pt-pt\/\"},{\"@type\":\"ListItem\",\"position\":2,\"name\":\"No Caldeir\u00e3o &#8211; Mudan\u00e7as No Para\u00edso Da Can\u00e1bis NA Europa E Outras Not\u00edcias Globais\"}]},{\"@type\":\"WebSite\",\"@id\":\"https:\/\/www.tomhemps.com\/pt-pt\/#website\",\"url\":\"https:\/\/www.tomhemps.com\/pt-pt\/\",\"name\":\"Your CBD Shop | Your CBD Brand | born in Berlin\",\"description\":\"CBD Shop Berlin\",\"publisher\":{\"@id\":\"https:\/\/www.tomhemps.com\/pt-pt\/#organization\"},\"potentialAction\":[{\"@type\":\"SearchAction\",\"target\":{\"@type\":\"EntryPoint\",\"urlTemplate\":\"https:\/\/www.tomhemps.com\/pt-pt\/?s={search_term_string}\"},\"query-input\":\"required name=search_term_string\"}],\"inLanguage\":\"pt-PT\"},{\"@type\":\"Organization\",\"@id\":\"https:\/\/www.tomhemps.com\/pt-pt\/#organization\",\"name\":\"Tom Hemp's CBD Shop\",\"alternateName\":\"Tom Hemp's Berlin\",\"url\":\"https:\/\/www.tomhemps.com\/pt-pt\/\",\"logo\":{\"@type\":\"ImageObject\",\"inLanguage\":\"pt-PT\",\"@id\":\"https:\/\/www.tomhemps.com\/pt-pt\/#\/schema\/logo\/image\/\",\"url\":\"https:\/\/www.tomhemps.com\/wp-content\/uploads\/2019\/04\/Logo-2019-e1581413011332.jpg\",\"contentUrl\":\"https:\/\/www.tomhemps.com\/wp-content\/uploads\/2019\/04\/Logo-2019-e1581413011332.jpg\",\"width\":460,\"height\":153,\"caption\":\"Tom Hemp's CBD Shop\"},\"image\":{\"@id\":\"https:\/\/www.tomhemps.com\/pt-pt\/#\/schema\/logo\/image\/\"},\"sameAs\":[\"https:\/\/www.facebook.com\/tomhempsberlin\/\",\"https:\/\/www.instagram.com\/tomhemps_cbd\/\",\"https:\/\/www.youtube.com\/channel\/UCbGxDacLx_DRKyder_zVoNw\"]},{\"@type\":\"Person\",\"@id\":\"https:\/\/www.tomhemps.com\/pt-pt\/#\/schema\/person\/a65e1b3284ce57f98be8f5bd3f2372b0\",\"name\":\"Jule Steinbr\u00fcck\",\"image\":{\"@type\":\"ImageObject\",\"inLanguage\":\"pt-PT\",\"@id\":\"https:\/\/www.tomhemps.com\/pt-pt\/#\/schema\/person\/image\/\",\"url\":\"https:\/\/secure.gravatar.com\/avatar\/634f24fa895e1d9f3c99c0189db3874d?s=96&d=wavatar&r=g\",\"contentUrl\":\"https:\/\/secure.gravatar.com\/avatar\/634f24fa895e1d9f3c99c0189db3874d?s=96&d=wavatar&r=g\",\"caption\":\"Jule Steinbr\u00fcck\"},\"description\":\"Jule developed a passion for world exploration before she was even able to read or write which has led to a diverse career path bridging the worlds of tourism, events production and culinary products. \u00a0After \ufb01nishing her degree in administration and management at the European Business School, she relocated to Vienna, Austria and kickstarted a career in travel and tourism services with Austrian Airlines followed by years in the luxury kitchen manufacturing markets of Australia and later transportation management simultaneously producing events in nightlife. Being in the need of always organising something, it comes with just that she works now as a Business Manager whilst also sharing her love of words by copywriting and translating. As Co-founder and Project Manager of DJsCan\u2019tCook she is able to merge her passions and inspire innovation while meeting the team organized, booking talent, managing tours, events, collaborations and concept development. Currently based in Barcelona.\",\"url\":\"https:\/\/www.tomhemps.com\/pt-pt\/author\/julestein\/\"}]}<\/script>\n<!-- \/ Yoast SEO Premium plugin. -->","yoast_head_json":{"title":"No Caldeir\u00e3o - Mudan\u00e7as No Para\u00edso Da Can\u00e1bis NA Europa E Outras Not\u00edcias Globais - Your CBD Shop | Your CBD Brand | born in Berlin","description":"Amesterd\u00e3o pro\u00edbe fumar erva nas ruas dos seus bairros da luz vermelha e outras not\u00edcias relacionadas com o CBD. Porque o CBD \u00e9 a nossa miss\u00e3o","robots":{"index":"index","follow":"follow","max-snippet":"max-snippet:-1","max-image-preview":"max-image-preview:large","max-video-preview":"max-video-preview:-1"},"canonical":"https:\/\/www.tomhemps.com\/pt-pt\/blog\/caldeirao-mudancas-paraiso-cannabis-europa-noticias-globais\/","og_locale":"pt_PT","og_type":"article","og_title":"No Caldeir\u00e3o - Mudan\u00e7as No Para\u00edso Da Can\u00e1bis NA Europa E Outras Not\u00edcias Globais","og_description":"Your CBD Shop | Your CBD Brand | born in Berlin - No Caldeir\u00e3o - Mudan\u00e7as No Para\u00edso Da Can\u00e1bis NA Europa E Outras Not\u00edcias Globais","og_url":"https:\/\/www.tomhemps.com\/pt-pt\/blog\/caldeirao-mudancas-paraiso-cannabis-europa-noticias-globais\/","og_site_name":"Your CBD Shop | Your CBD Brand | born in Berlin","article_publisher":"https:\/\/www.facebook.com\/tomhempsberlin\/","article_published_time":"2023-05-09T07:41:52+00:00","article_modified_time":"2023-06-12T09:42:56+00:00","og_image":[{"width":1536,"height":1000,"url":"https:\/\/www.tomhemps.com\/wp-content\/uploads\/2023\/05\/shutterstock_14174660541.jpg","type":"image\/jpeg"}],"author":"Jule Steinbr\u00fcck","twitter_card":"summary_large_image","twitter_misc":{"Escrito por":"Jule Steinbr\u00fcck","Tempo estimado de leitura":"7 minutos"},"schema":{"@context":"https:\/\/schema.org","@graph":[{"@type":"Article","@id":"https:\/\/www.tomhemps.com\/pt-pt\/blog\/caldeirao-mudancas-paraiso-cannabis-europa-noticias-globais\/#article","isPartOf":{"@id":"https:\/\/www.tomhemps.com\/pt-pt\/blog\/caldeirao-mudancas-paraiso-cannabis-europa-noticias-globais\/"},"author":{"name":"Jule Steinbr\u00fcck","@id":"https:\/\/www.tomhemps.com\/pt-pt\/#\/schema\/person\/a65e1b3284ce57f98be8f5bd3f2372b0"},"headline":"No Caldeir\u00e3o &#8211; Mudan\u00e7as No Para\u00edso Da Can\u00e1bis NA Europa E Outras Not\u00edcias Globais","datePublished":"2023-05-09T07:41:52+00:00","dateModified":"2023-06-12T09:42:56+00:00","mainEntityOfPage":{"@id":"https:\/\/www.tomhemps.com\/pt-pt\/blog\/caldeirao-mudancas-paraiso-cannabis-europa-noticias-globais\/"},"wordCount":1776,"commentCount":0,"publisher":{"@id":"https:\/\/www.tomhemps.com\/pt-pt\/#organization"},"image":{"@id":"https:\/\/www.tomhemps.com\/pt-pt\/blog\/caldeirao-mudancas-paraiso-cannabis-europa-noticias-globais\/#primaryimage"},"thumbnailUrl":"https:\/\/www.tomhemps.com\/wp-content\/uploads\/2023\/05\/shutterstock_14174660541.jpg","articleSection":["Not\u00edcia"],"inLanguage":"pt-PT","potentialAction":[{"@type":"CommentAction","name":"Comment","target":["https:\/\/www.tomhemps.com\/pt-pt\/blog\/caldeirao-mudancas-paraiso-cannabis-europa-noticias-globais\/#respond"]}]},{"@type":"WebPage","@id":"https:\/\/www.tomhemps.com\/pt-pt\/blog\/caldeirao-mudancas-paraiso-cannabis-europa-noticias-globais\/","url":"https:\/\/www.tomhemps.com\/pt-pt\/blog\/caldeirao-mudancas-paraiso-cannabis-europa-noticias-globais\/","name":"No Caldeir\u00e3o - Mudan\u00e7as No Para\u00edso Da Can\u00e1bis NA Europa E Outras Not\u00edcias Globais - Your CBD Shop | Your CBD Brand | born in Berlin","isPartOf":{"@id":"https:\/\/www.tomhemps.com\/pt-pt\/#website"},"primaryImageOfPage":{"@id":"https:\/\/www.tomhemps.com\/pt-pt\/blog\/caldeirao-mudancas-paraiso-cannabis-europa-noticias-globais\/#primaryimage"},"image":{"@id":"https:\/\/www.tomhemps.com\/pt-pt\/blog\/caldeirao-mudancas-paraiso-cannabis-europa-noticias-globais\/#primaryimage"},"thumbnailUrl":"https:\/\/www.tomhemps.com\/wp-content\/uploads\/2023\/05\/shutterstock_14174660541.jpg","datePublished":"2023-05-09T07:41:52+00:00","dateModified":"2023-06-12T09:42:56+00:00","description":"Amesterd\u00e3o pro\u00edbe fumar erva nas ruas dos seus bairros da luz vermelha e outras not\u00edcias relacionadas com o CBD. Porque o CBD \u00e9 a nossa miss\u00e3o","breadcrumb":{"@id":"https:\/\/www.tomhemps.com\/pt-pt\/blog\/caldeirao-mudancas-paraiso-cannabis-europa-noticias-globais\/#breadcrumb"},"inLanguage":"pt-PT","potentialAction":[{"@type":"ReadAction","target":["https:\/\/www.tomhemps.com\/pt-pt\/blog\/caldeirao-mudancas-paraiso-cannabis-europa-noticias-globais\/"]}]},{"@type":"ImageObject","inLanguage":"pt-PT","@id":"https:\/\/www.tomhemps.com\/pt-pt\/blog\/caldeirao-mudancas-paraiso-cannabis-europa-noticias-globais\/#primaryimage","url":"https:\/\/www.tomhemps.com\/wp-content\/uploads\/2023\/05\/shutterstock_14174660541.jpg","contentUrl":"https:\/\/www.tomhemps.com\/wp-content\/uploads\/2023\/05\/shutterstock_14174660541.jpg","width":1536,"height":1000,"caption":"NEUE REGELUNGEN IN EUROPAS CANNABIS PARADIES UND ANDERE NEWS"},{"@type":"BreadcrumbList","@id":"https:\/\/www.tomhemps.com\/pt-pt\/blog\/caldeirao-mudancas-paraiso-cannabis-europa-noticias-globais\/#breadcrumb","itemListElement":[{"@type":"ListItem","position":1,"name":"Startseite","item":"https:\/\/www.tomhemps.com\/pt-pt\/"},{"@type":"ListItem","position":2,"name":"No Caldeir\u00e3o &#8211; Mudan\u00e7as No Para\u00edso Da Can\u00e1bis NA Europa E Outras Not\u00edcias Globais"}]},{"@type":"WebSite","@id":"https:\/\/www.tomhemps.com\/pt-pt\/#website","url":"https:\/\/www.tomhemps.com\/pt-pt\/","name":"Your CBD Shop | Your CBD Brand | born in Berlin","description":"CBD Shop Berlin","publisher":{"@id":"https:\/\/www.tomhemps.com\/pt-pt\/#organization"},"potentialAction":[{"@type":"SearchAction","target":{"@type":"EntryPoint","urlTemplate":"https:\/\/www.tomhemps.com\/pt-pt\/?s={search_term_string}"},"query-input":"required name=search_term_string"}],"inLanguage":"pt-PT"},{"@type":"Organization","@id":"https:\/\/www.tomhemps.com\/pt-pt\/#organization","name":"Tom Hemp's CBD Shop","alternateName":"Tom Hemp's Berlin","url":"https:\/\/www.tomhemps.com\/pt-pt\/","logo":{"@type":"ImageObject","inLanguage":"pt-PT","@id":"https:\/\/www.tomhemps.com\/pt-pt\/#\/schema\/logo\/image\/","url":"https:\/\/www.tomhemps.com\/wp-content\/uploads\/2019\/04\/Logo-2019-e1581413011332.jpg","contentUrl":"https:\/\/www.tomhemps.com\/wp-content\/uploads\/2019\/04\/Logo-2019-e1581413011332.jpg","width":460,"height":153,"caption":"Tom Hemp's CBD Shop"},"image":{"@id":"https:\/\/www.tomhemps.com\/pt-pt\/#\/schema\/logo\/image\/"},"sameAs":["https:\/\/www.facebook.com\/tomhempsberlin\/","https:\/\/www.instagram.com\/tomhemps_cbd\/","https:\/\/www.youtube.com\/channel\/UCbGxDacLx_DRKyder_zVoNw"]},{"@type":"Person","@id":"https:\/\/www.tomhemps.com\/pt-pt\/#\/schema\/person\/a65e1b3284ce57f98be8f5bd3f2372b0","name":"Jule Steinbr\u00fcck","image":{"@type":"ImageObject","inLanguage":"pt-PT","@id":"https:\/\/www.tomhemps.com\/pt-pt\/#\/schema\/person\/image\/","url":"https:\/\/secure.gravatar.com\/avatar\/634f24fa895e1d9f3c99c0189db3874d?s=96&d=wavatar&r=g","contentUrl":"https:\/\/secure.gravatar.com\/avatar\/634f24fa895e1d9f3c99c0189db3874d?s=96&d=wavatar&r=g","caption":"Jule Steinbr\u00fcck"},"description":"Jule developed a passion for world exploration before she was even able to read or write which has led to a diverse career path bridging the worlds of tourism, events production and culinary products. \u00a0After \ufb01nishing her degree in administration and management at the European Business School, she relocated to Vienna, Austria and kickstarted a career in travel and tourism services with Austrian Airlines followed by years in the luxury kitchen manufacturing markets of Australia and later transportation management simultaneously producing events in nightlife. Being in the need of always organising something, it comes with just that she works now as a Business Manager whilst also sharing her love of words by copywriting and translating. As Co-founder and Project Manager of DJsCan\u2019tCook she is able to merge her passions and inspire innovation while meeting the team organized, booking talent, managing tours, events, collaborations and concept development. Currently based in Barcelona.","url":"https:\/\/www.tomhemps.com\/pt-pt\/author\/julestein\/"}]}},"_links":{"self":[{"href":"https:\/\/www.tomhemps.com\/pt-pt\/wp-json\/wp\/v2\/posts\/572444"}],"collection":[{"href":"https:\/\/www.tomhemps.com\/pt-pt\/wp-json\/wp\/v2\/posts"}],"about":[{"href":"https:\/\/www.tomhemps.com\/pt-pt\/wp-json\/wp\/v2\/types\/post"}],"author":[{"embeddable":true,"href":"https:\/\/www.tomhemps.com\/pt-pt\/wp-json\/wp\/v2\/users\/9257"}],"replies":[{"embeddable":true,"href":"https:\/\/www.tomhemps.com\/pt-pt\/wp-json\/wp\/v2\/comments?post=572444"}],"version-history":[{"count":2,"href":"https:\/\/www.tomhemps.com\/pt-pt\/wp-json\/wp\/v2\/posts\/572444\/revisions"}],"predecessor-version":[{"id":572477,"href":"https:\/\/www.tomhemps.com\/pt-pt\/wp-json\/wp\/v2\/posts\/572444\/revisions\/572477"}],"wp:featuredmedia":[{"embeddable":true,"href":"https:\/\/www.tomhemps.com\/pt-pt\/wp-json\/wp\/v2\/media\/567394"}],"wp:attachment":[{"href":"https:\/\/www.tomhemps.com\/pt-pt\/wp-json\/wp\/v2\/media?parent=572444"}],"wp:term":[{"taxonomy":"category","embeddable":true,"href":"https:\/\/www.tomhemps.com\/pt-pt\/wp-json\/wp\/v2\/categories?post=572444"},{"taxonomy":"post_tag","embeddable":true,"href":"https:\/\/www.tomhemps.com\/pt-pt\/wp-json\/wp\/v2\/tags?post=572444"}],"curies":[{"name":"wp","href":"https:\/\/api.w.org\/{rel}","templated":true}]}}